{"id":6427,"date":"2026-09-02T16:57:52","date_gmt":"2026-09-02T14:57:52","guid":{"rendered":"https:\/\/institutdelafinancedurable.com\/?p=6427"},"modified":"2026-09-02T16:57:55","modified_gmt":"2026-09-02T14:57:55","slug":"produrable-2026-conference-cdc-ifd","status":"publish","type":"post","link":"https:\/\/financefortomorrow.com\/en\/produrable-2026-conference-cdc-ifd\/","title":{"rendered":"PRODURABLE 2026 : conf\u00e9rence \u00ab La finance au service de la transition \u00e9cologique : connecter, agir, transformer \u00bb &#8211; CDC &amp; IFD"},"content":{"rendered":"\t<!-- START OF : Composant : block-periscope-theme-section-composant-14-bloc-contenu-texte.php -->\n<div class=\"container\" data-component=\"14-bloc-contenu-texte\">\n\t\t\t\t<p>L\u2019Institut de la Finance Durable est une nouvelle fois partenaire du salon <strong>PRODURABLE<\/strong>. Organis\u00e9 par Groupe AEF et sous le haut patronage du Minist\u00e8re de la Transition \u00c9cologique, de la Biodiversit\u00e9, de la For\u00eat, de la Mer et de la P\u00eache, le salon PRODURABLE rassemble pendant deux jours : 15 000 visiteurs, 800 intervenants, 350 partenaires et une communaut\u00e9 de 50 000 d\u00e9cideurs. PRODURABLE relie les acteurs entre eux.<\/p>\t<\/div>\n\t<!-- END OF : Composant : block-periscope-theme-section-composant-14-bloc-contenu-texte.php -->\n\n\n<!-- START OF : Composant : block-periscope-theme-section-composant-bouton.php -->\n\t<div class=\"container text-center\" data-component=\"bouton\">\n\t\t\t\t<a href=\"https:\/\/www.produrable.com\/\" target=\"_blank\" class=\"btn btn-outline-primary w-100 w-md-auto mb-3 mx-md-1\">S&#039;inscrire<\/a>\n\t\t\t\t\t\t\t<\/div>\n\n<!-- END OF : Composant : block-periscope-theme-section-composant-bouton.php -->\n\n\n<div class=\"espace pb-4 pb-lg-9\"><\/div>\n\n\t<!-- START OF : Composant : block-periscope-theme-section-composant-14-bloc-contenu-texte.php -->\n<div class=\"container\" data-component=\"14-bloc-contenu-texte\">\n\t\t\t\t<p>Dans le cadre de cette \u00e9dition, l&#8217;IFD coorganise une session th\u00e9matique : \u00ab La finance au service de la transition \u00e9cologique : connecter, agir, transformer \u00bb en partenariat avec la <strong>Caisse des D\u00e9p\u00f4ts (CDC)<\/strong>.<br \/>\nCette conf\u00e9rence aura lieu le 1er octobre et r\u00e9unira des experts et d\u00e9cideurs de la Place pour \u00e9changer sur :<\/p>\n<ul class=\"offset-lg-1\">\n<li>Le r\u00f4le strat\u00e9gique des institutions financi\u00e8res dans l&#8217;acc\u00e9l\u00e9ration de la transition \u00e9cologique.<\/li>\n<li>Les leviers d&#8217;action pour orienter les flux financiers vers des projets \u00e0 impact positif.<\/li>\n<li>L&#8217;alignement des strat\u00e9gies d&#8217;investissement avec les objectifs de d\u00e9carbonation et de pr\u00e9servation de la biodiversit\u00e9.<\/li>\n<\/ul>\n\t<\/div>\n\t<!-- END OF : Composant : block-periscope-theme-section-composant-14-bloc-contenu-texte.php -->\n\n\n<!-- START OF : Composant : block-periscope-theme-section-composant-bouton.php -->\n\t<div class=\"container text-center\" data-component=\"bouton\">\n\t\t\t\t<a href=\"https:\/\/api.appcraft.events\/registrations\/v1\/chLF8jW3YPq9\/web\/form\/inscription\" target=\"_blank\" class=\"btn btn-outline-primary w-100 w-md-auto mb-3 mx-md-1\">Formulaire d&#039;inscription<\/a>\n\t\t\t\t\t\t\t<\/div>\n\n<!-- END OF : Composant : block-periscope-theme-section-composant-bouton.php -->\n","protected":false},"excerpt":{"rendered":"","protected":false},"author":9,"featured_media":6466,"comment_status":"closed","ping_status":"closed","sticky":false,"template":"","format":"standard","meta":{"_acf_changed":false,"footnotes":""},"categories":[59],"tags":[],"class_list":["post-6427","post","type-post","status-publish","format-standard","has-post-thumbnail","hentry","category-evenements"],"acf":[],"yoast_head":"<!-- This site is optimized with the Yoast SEO plugin v23.9 - https:\/\/yoast.com\/wordpress\/plugins\/seo\/ -->\n<title>PRODURABLE 2026 : conf\u00e9rence CDC &amp; IFD<\/title>\n<meta name=\"description\" content=\"Participez \u00e0 la conf\u00e9rence organis\u00e9e par l&#039;IFD et la CDC dans le cadre de leur partenariat avec le salon PRODURABLE.\" \/>\n<meta name=\"robots\" content=\"index, follow, max-snippet:-1, max-image-preview:large, max-video-preview:-1\" \/>\n<link rel=\"canonical\" href=\"https:\/\/financefortomorrow.com\/en\/wp-json\/wp\/v2\/posts\/6427\/\" \/>\n<meta property=\"og:locale\" content=\"en_US\" \/>\n<meta property=\"og:type\" content=\"article\" \/>\n<meta property=\"og:title\" content=\"PRODURABLE 2026 : conf\u00e9rence CDC &amp; IFD\" \/>\n<meta property=\"og:description\" content=\"Participez \u00e0 la conf\u00e9rence organis\u00e9e par l&#039;IFD et la CDC dans le cadre de leur partenariat avec le salon PRODURABLE.\" \/>\n<meta property=\"og:url\" content=\"https:\/\/financefortomorrow.com\/en\/produrable-2026-conference-cdc-ifd\/\" \/>\n<meta property=\"og:site_name\" content=\"Institut de la finance durable\" \/>\n<meta property=\"article:published_time\" content=\"2026-09-02T14:57:52+00:00\" \/>\n<meta property=\"article:modified_time\" content=\"2026-09-02T14:57:55+00:00\" \/>\n<meta property=\"og:image\" content=\"https:\/\/institutdelafinancedurable.com\/wp-content\/uploads\/2026\/09\/Conference-Transition-ecologique-et-transformation-de-lanalyse-financiere-2-scaled.jpg\" \/>\n\t<meta property=\"og:image:width\" content=\"2560\" \/>\n\t<meta property=\"og:image:height\" content=\"1441\" \/>\n\t<meta property=\"og:image:type\" content=\"image\/jpeg\" \/>\n<meta name=\"author\" content=\"CVANMULLEM\" \/>\n<meta name=\"twitter:card\" content=\"summary_large_image\" \/>\n<meta name=\"twitter:label1\" content=\"Written by\" \/>\n\t<meta name=\"twitter:data1\" content=\"CVANMULLEM\" \/>\n\t<meta name=\"twitter:label2\" content=\"Est. reading time\" \/>\n\t<meta name=\"twitter:data2\" content=\"1 minute\" \/>\n<script type=\"application\/ld+json\" class=\"yoast-schema-graph\">{\"@context\":\"https:\/\/schema.org\",\"@graph\":[{\"@type\":\"WebPage\",\"@id\":\"https:\/\/financefortomorrow.com\/en\/produrable-2026-conference-cdc-ifd\/\",\"url\":\"https:\/\/financefortomorrow.com\/en\/produrable-2026-conference-cdc-ifd\/\",\"name\":\"PRODURABLE 2026 : conf\u00e9rence CDC & IFD\",\"isPartOf\":{\"@id\":\"https:\/\/institutdelafinancedurable.com\/#website\"},\"primaryImageOfPage\":{\"@id\":\"https:\/\/financefortomorrow.com\/en\/produrable-2026-conference-cdc-ifd\/#primaryimage\"},\"image\":{\"@id\":\"https:\/\/financefortomorrow.com\/en\/produrable-2026-conference-cdc-ifd\/#primaryimage\"},\"thumbnailUrl\":\"https:\/\/financefortomorrow.com\/wp-content\/uploads\/2026\/09\/Conference-Transition-ecologique-et-transformation-de-lanalyse-financiere-2-scaled.jpg\",\"datePublished\":\"2026-09-02T14:57:52+00:00\",\"dateModified\":\"2026-09-02T14:57:55+00:00\",\"author\":{\"@id\":\"https:\/\/institutdelafinancedurable.com\/#\/schema\/person\/345cdaefc462e845cf9cabfbed3b309d\"},\"description\":\"Participez \u00e0 la conf\u00e9rence organis\u00e9e par l'IFD et la CDC dans le cadre de leur partenariat avec le salon PRODURABLE.\",\"breadcrumb\":{\"@id\":\"https:\/\/financefortomorrow.com\/en\/produrable-2026-conference-cdc-ifd\/#breadcrumb\"},\"inLanguage\":\"en-US\",\"potentialAction\":[{\"@type\":\"ReadAction\",\"target\":[\"https:\/\/financefortomorrow.com\/en\/produrable-2026-conference-cdc-ifd\/\"]}]},{\"@type\":\"ImageObject\",\"inLanguage\":\"en-US\",\"@id\":\"https:\/\/financefortomorrow.com\/en\/produrable-2026-conference-cdc-ifd\/#primaryimage\",\"url\":\"https:\/\/financefortomorrow.com\/wp-content\/uploads\/2026\/09\/Conference-Transition-ecologique-et-transformation-de-lanalyse-financiere-2-scaled.jpg\",\"contentUrl\":\"https:\/\/financefortomorrow.com\/wp-content\/uploads\/2026\/09\/Conference-Transition-ecologique-et-transformation-de-lanalyse-financiere-2-scaled.jpg\",\"width\":2560,\"height\":1441},{\"@type\":\"BreadcrumbList\",\"@id\":\"https:\/\/financefortomorrow.com\/en\/produrable-2026-conference-cdc-ifd\/#breadcrumb\",\"itemListElement\":[{\"@type\":\"ListItem\",\"position\":1,\"name\":\"Home\",\"item\":\"https:\/\/financefortomorrow.com\"},{\"@type\":\"ListItem\",\"position\":2,\"name\":\"Newsroom\",\"item\":\"https:\/\/financefortomorrow.com\/en\/newsroom\/\"},{\"@type\":\"ListItem\",\"position\":3,\"name\":\"PRODURABLE 2026 : conf\u00e9rence \u00ab La finance au service de la transition \u00e9cologique : connecter, agir, transformer \u00bb &#8211; CDC &amp; IFD\"}]},{\"@type\":\"WebSite\",\"@id\":\"https:\/\/institutdelafinancedurable.com\/#website\",\"url\":\"https:\/\/institutdelafinancedurable.com\/\",\"name\":\"Institut de la finance durable\",\"description\":\"\",\"potentialAction\":[{\"@type\":\"SearchAction\",\"target\":{\"@type\":\"EntryPoint\",\"urlTemplate\":\"https:\/\/institutdelafinancedurable.com\/?s={search_term_string}\"},\"query-input\":{\"@type\":\"PropertyValueSpecification\",\"valueRequired\":true,\"valueName\":\"search_term_string\"}}],\"inLanguage\":\"en-US\"},{\"@type\":\"Person\",\"@id\":\"https:\/\/institutdelafinancedurable.com\/#\/schema\/person\/345cdaefc462e845cf9cabfbed3b309d\",\"name\":\"CVANMULLEM\",\"image\":{\"@type\":\"ImageObject\",\"inLanguage\":\"en-US\",\"@id\":\"https:\/\/institutdelafinancedurable.com\/#\/schema\/person\/image\/\",\"url\":\"https:\/\/secure.gravatar.com\/avatar\/eaf91d7b8329955bdcec3302580e5c09a4154acfa61dcfc7790a16c851537b8b?s=96&d=mm&r=g\",\"contentUrl\":\"https:\/\/secure.gravatar.com\/avatar\/eaf91d7b8329955bdcec3302580e5c09a4154acfa61dcfc7790a16c851537b8b?s=96&d=mm&r=g\",\"caption\":\"CVANMULLEM\"},\"url\":\"https:\/\/financefortomorrow.com\/en\/author\/cvanmullem\/\"}]}<\/script>\n<!-- \/ Yoast SEO plugin. -->","yoast_head_json":{"title":"PRODURABLE 2026 : conf\u00e9rence CDC & IFD","description":"Participez \u00e0 la conf\u00e9rence organis\u00e9e par l'IFD et la CDC dans le cadre de leur partenariat avec le salon PRODURABLE.","robots":{"index":"index","follow":"follow","max-snippet":"max-snippet:-1","max-image-preview":"max-image-preview:large","max-video-preview":"max-video-preview:-1"},"canonical":"https:\/\/financefortomorrow.com\/en\/wp-json\/wp\/v2\/posts\/6427\/","og_locale":"en_US","og_type":"article","og_title":"PRODURABLE 2026 : conf\u00e9rence CDC & IFD","og_description":"Participez \u00e0 la conf\u00e9rence organis\u00e9e par l'IFD et la CDC dans le cadre de leur partenariat avec le salon PRODURABLE.","og_url":"https:\/\/financefortomorrow.com\/en\/produrable-2026-conference-cdc-ifd\/","og_site_name":"Institut de la finance durable","article_published_time":"2026-09-02T14:57:52+00:00","article_modified_time":"2026-09-02T14:57:55+00:00","og_image":[{"width":2560,"height":1441,"url":"https:\/\/institutdelafinancedurable.com\/wp-content\/uploads\/2026\/09\/Conference-Transition-ecologique-et-transformation-de-lanalyse-financiere-2-scaled.jpg","type":"image\/jpeg"}],"author":"CVANMULLEM","twitter_card":"summary_large_image","twitter_misc":{"Written by":"CVANMULLEM","Est. reading time":"1 minute"},"schema":{"@context":"https:\/\/schema.org","@graph":[{"@type":"WebPage","@id":"https:\/\/financefortomorrow.com\/en\/produrable-2026-conference-cdc-ifd\/","url":"https:\/\/financefortomorrow.com\/en\/produrable-2026-conference-cdc-ifd\/","name":"PRODURABLE 2026 : conf\u00e9rence CDC & IFD","isPartOf":{"@id":"https:\/\/institutdelafinancedurable.com\/#website"},"primaryImageOfPage":{"@id":"https:\/\/financefortomorrow.com\/en\/produrable-2026-conference-cdc-ifd\/#primaryimage"},"image":{"@id":"https:\/\/financefortomorrow.com\/en\/produrable-2026-conference-cdc-ifd\/#primaryimage"},"thumbnailUrl":"https:\/\/financefortomorrow.com\/wp-content\/uploads\/2026\/09\/Conference-Transition-ecologique-et-transformation-de-lanalyse-financiere-2-scaled.jpg","datePublished":"2026-09-02T14:57:52+00:00","dateModified":"2026-09-02T14:57:55+00:00","author":{"@id":"https:\/\/institutdelafinancedurable.com\/#\/schema\/person\/345cdaefc462e845cf9cabfbed3b309d"},"description":"Participez \u00e0 la conf\u00e9rence organis\u00e9e par l'IFD et la CDC dans le cadre de leur partenariat avec le salon PRODURABLE.","breadcrumb":{"@id":"https:\/\/financefortomorrow.com\/en\/produrable-2026-conference-cdc-ifd\/#breadcrumb"},"inLanguage":"en-US","potentialAction":[{"@type":"ReadAction","target":["https:\/\/financefortomorrow.com\/en\/produrable-2026-conference-cdc-ifd\/"]}]},{"@type":"ImageObject","inLanguage":"en-US","@id":"https:\/\/financefortomorrow.com\/en\/produrable-2026-conference-cdc-ifd\/#primaryimage","url":"https:\/\/financefortomorrow.com\/wp-content\/uploads\/2026\/09\/Conference-Transition-ecologique-et-transformation-de-lanalyse-financiere-2-scaled.jpg","contentUrl":"https:\/\/financefortomorrow.com\/wp-content\/uploads\/2026\/09\/Conference-Transition-ecologique-et-transformation-de-lanalyse-financiere-2-scaled.jpg","width":2560,"height":1441},{"@type":"BreadcrumbList","@id":"https:\/\/financefortomorrow.com\/en\/produrable-2026-conference-cdc-ifd\/#breadcrumb","itemListElement":[{"@type":"ListItem","position":1,"name":"Home","item":"https:\/\/financefortomorrow.com"},{"@type":"ListItem","position":2,"name":"Newsroom","item":"https:\/\/financefortomorrow.com\/en\/newsroom\/"},{"@type":"ListItem","position":3,"name":"PRODURABLE 2026 : conf\u00e9rence \u00ab La finance au service de la transition \u00e9cologique : connecter, agir, transformer \u00bb &#8211; CDC &amp; IFD"}]},{"@type":"WebSite","@id":"https:\/\/institutdelafinancedurable.com\/#website","url":"https:\/\/institutdelafinancedurable.com\/","name":"Institut de la finance durable","description":"","potentialAction":[{"@type":"SearchAction","target":{"@type":"EntryPoint","urlTemplate":"https:\/\/institutdelafinancedurable.com\/?s={search_term_string}"},"query-input":{"@type":"PropertyValueSpecification","valueRequired":true,"valueName":"search_term_string"}}],"inLanguage":"en-US"},{"@type":"Person","@id":"https:\/\/institutdelafinancedurable.com\/#\/schema\/person\/345cdaefc462e845cf9cabfbed3b309d","name":"CVANMULLEM","image":{"@type":"ImageObject","inLanguage":"en-US","@id":"https:\/\/institutdelafinancedurable.com\/#\/schema\/person\/image\/","url":"https:\/\/secure.gravatar.com\/avatar\/eaf91d7b8329955bdcec3302580e5c09a4154acfa61dcfc7790a16c851537b8b?s=96&d=mm&r=g","contentUrl":"https:\/\/secure.gravatar.com\/avatar\/eaf91d7b8329955bdcec3302580e5c09a4154acfa61dcfc7790a16c851537b8b?s=96&d=mm&r=g","caption":"CVANMULLEM"},"url":"https:\/\/financefortomorrow.com\/en\/author\/cvanmullem\/"}]}},"_links":{"self":[{"href":"https:\/\/financefortomorrow.com\/en\/wp-json\/wp\/v2\/posts\/6427","targetHints":{"allow":["GET"]}}],"collection":[{"href":"https:\/\/financefortomorrow.com\/en\/wp-json\/wp\/v2\/posts"}],"about":[{"href":"https:\/\/financefortomorrow.com\/en\/wp-json\/wp\/v2\/types\/post"}],"author":[{"embeddable":true,"href":"https:\/\/financefortomorrow.com\/en\/wp-json\/wp\/v2\/users\/9"}],"replies":[{"embeddable":true,"href":"https:\/\/financefortomorrow.com\/en\/wp-json\/wp\/v2\/comments?post=6427"}],"version-history":[{"count":13,"href":"https:\/\/financefortomorrow.com\/en\/wp-json\/wp\/v2\/posts\/6427\/revisions"}],"predecessor-version":[{"id":6465,"href":"https:\/\/financefortomorrow.com\/en\/wp-json\/wp\/v2\/posts\/6427\/revisions\/6465"}],"wp:featuredmedia":[{"embeddable":true,"href":"https:\/\/financefortomorrow.com\/en\/wp-json\/wp\/v2\/media\/6466"}],"wp:attachment":[{"href":"https:\/\/financefortomorrow.com\/en\/wp-json\/wp\/v2\/media?parent=6427"}],"wp:term":[{"taxonomy":"category","embeddable":true,"href":"https:\/\/financefortomorrow.com\/en\/wp-json\/wp\/v2\/categories?post=6427"},{"taxonomy":"post_tag","embeddable":true,"href":"https:\/\/financefortomorrow.com\/en\/wp-json\/wp\/v2\/tags?post=6427"}],"curies":[{"name":"wp","href":"https:\/\/api.w.org\/{rel}","templated":true}]}}